{"id":2413,"date":"2025-08-14T00:28:26","date_gmt":"2025-08-14T00:28:26","guid":{"rendered":"https:\/\/siervasdelamadrededios.org\/?p=2413"},"modified":"2025-08-14T00:28:27","modified_gmt":"2025-08-14T00:28:27","slug":"seminaristas-del-seminario-mayor-de-medellin-visitan-el-hogar-mater-dei-en-las-brisas","status":"publish","type":"post","link":"https:\/\/siervasdelamadrededios.org\/?p=2413","title":{"rendered":"Seminaristas del Seminario Mayor de Medell\u00edn visitan el Hogar Mater Dei en Las Brisas"},"content":{"rendered":"\n<h2 class=\"wp-block-heading\"><\/h2>\n\n\n\n<p>En un ambiente de fraternidad y oraci\u00f3n, el <strong>Hogar Mater Dei en Las Brisas<\/strong>, casa de retiro y encuentros espirituales de las <strong>Siervas de la Madre de Dios<\/strong>, recibi\u00f3 la visita de un grupo de j\u00f3venes del <strong>Seminario Mayor de Medell\u00edn<\/strong>.<\/p>\n\n\n\n<p>Durante la jornada, los seminaristas compartieron momentos de reflexi\u00f3n, testimonio vocacional y di\u00e1logo con nuestras hermanas, fortaleciendo los lazos de comuni\u00f3n entre la vida religiosa y la vocaci\u00f3n sacerdotal.<\/p>\n\n\n\n<p>Esta visita fue una oportunidad para orar juntos, renovar el compromiso con la misi\u00f3n de la Iglesia y vivir la fe desde la alegr\u00eda y la esperanza. Agradecemos profundamente su cercan\u00eda y pedimos a la <strong>Madre de Dios<\/strong> que los acompa\u00f1e y fortalezca en su camino hacia el sacerdocio.<\/p>\n\n\n\n<figure class=\"wp-block-gallery has-nested-images columns-default is-cropped wp-block-gallery-1 is-layout-flex wp-block-gallery-is-layout-flex\">\n<figure class=\"wp-block-image size-large\"><img fetchpriority=\"high\" decoding=\"async\" width=\"1024\" height=\"576\" data-id=\"2415\" src=\"https:\/\/siervasdelamadrededios.org\/wp-content\/uploads\/2025\/08\/WhatsApp-Image-2025-08-13-at-08.44.08-1024x576.jpeg\" alt=\"\" class=\"wp-image-2415\" srcset=\"https:\/\/siervasdelamadrededios.org\/wp-content\/uploads\/2025\/08\/WhatsApp-Image-2025-08-13-at-08.44.08-1024x576.jpeg 1024w, https:\/\/siervasdelamadrededios.org\/wp-content\/uploads\/2025\/08\/WhatsApp-Image-2025-08-13-at-08.44.08-300x169.jpeg 300w, https:\/\/siervasdelamadrededios.org\/wp-content\/uploads\/2025\/08\/WhatsApp-Image-2025-08-13-at-08.44.08-768x432.jpeg 768w, https:\/\/siervasdelamadrededios.org\/wp-content\/uploads\/2025\/08\/WhatsApp-Image-2025-08-13-at-08.44.08-1536x864.jpeg 1536w, https:\/\/siervasdelamadrededios.org\/wp-content\/uploads\/2025\/08\/WhatsApp-Image-2025-08-13-at-08.44.08.jpeg 1599w\" sizes=\"(max-width: 1024px) 100vw, 1024px\" \/><\/figure>\n<\/figure>\n","protected":false},"excerpt":{"rendered":"<p>En un ambiente de fraternidad y oraci\u00f3n, el Hogar Mater Dei en Las Brisas, casa de retiro y encuentros espirituales de las Siervas de la Madre de Dios, recibi\u00f3 la visita de un grupo de j\u00f3venes del Seminario Mayor de Medell\u00edn. Durante la jornada, los seminaristas compartieron momentos de reflexi\u00f3n, testimonio vocacional y di\u00e1logo con [&hellip;]<\/p>\n","protected":false},"author":1,"featured_media":2415,"comment_status":"open","ping_status":"open","sticky":false,"template":"","format":"standard","meta":{"om_disable_all_campaigns":false,"_monsterinsights_skip_tracking":false,"_monsterinsights_sitenote_active":false,"_monsterinsights_sitenote_note":"","_monsterinsights_sitenote_category":0,"site-sidebar-layout":"default","site-content-layout":"","ast-site-content-layout":"default","site-content-style":"default","site-sidebar-style":"default","ast-global-header-display":"","ast-banner-title-visibility":"","ast-main-header-display":"","ast-hfb-above-header-display":"","ast-hfb-below-header-display":"","ast-hfb-mobile-header-display":"","site-post-title":"","ast-breadcrumbs-content":"","ast-featured-img":"disabled","footer-sml-layout":"","ast-disable-related-posts":"","theme-transparent-header-meta":"","adv-header-id-meta":"","stick-header-meta":"","header-above-stick-meta":"","header-main-stick-meta":"","header-below-stick-meta":"","astra-migrate-meta-layouts":"set","ast-page-background-enabled":"default","ast-page-background-meta":{"desktop":{"background-color":"","background-image":"","background-repeat":"repeat","background-position":"center center","background-size":"auto","background-attachment":"scroll","background-type":"","background-media":"","overlay-type":"","overlay-color":"","overlay-opacity":"","overlay-gradient":""},"tablet":{"background-color":"","background-image":"","background-repeat":"repeat","background-position":"center center","background-size":"auto","background-attachment":"scroll","background-type":"","background-media":"","overlay-type":"","overlay-color":"","overlay-opacity":"","overlay-gradient":""},"mobile":{"background-color":"","background-image":"","background-repeat":"repeat","background-position":"center center","background-size":"auto","background-attachment":"scroll","background-type":"","background-media":"","overlay-type":"","overlay-color":"","overlay-opacity":"","overlay-gradient":""}},"ast-content-background-meta":{"desktop":{"background-color":"var(--ast-global-color-5)","background-image":"","background-repeat":"repeat","background-position":"center center","background-size":"auto","background-attachment":"scroll","background-type":"","background-media":"","overlay-type":"","overlay-color":"","overlay-opacity":"","overlay-gradient":""},"tablet":{"background-color":"var(--ast-global-color-5)","background-image":"","background-repeat":"repeat","background-position":"center center","background-size":"auto","background-attachment":"scroll","background-type":"","background-media":"","overlay-type":"","overlay-color":"","overlay-opacity":"","overlay-gradient":""},"mobile":{"background-color":"var(--ast-global-color-5)","background-image":"","background-repeat":"repeat","background-position":"center center","background-size":"auto","background-attachment":"scroll","background-type":"","background-media":"","overlay-type":"","overlay-color":"","overlay-opacity":"","overlay-gradient":""}},"footnotes":""},"categories":[1],"tags":[25],"class_list":["post-2413","post","type-post","status-publish","format-standard","has-post-thumbnail","hentry","category-blog","tag-blog"],"yoast_head":"<!-- This site is optimized with the Yoast SEO plugin v27.4 - https:\/\/yoast.com\/product\/yoast-seo-wordpress\/ -->\n<title>Seminaristas del Seminario Mayor de Medell\u00edn visitan el Hogar Mater Dei en Las Brisas - Siervas de la Madre de Dios<\/title>\n<meta name=\"robots\" content=\"index, follow, max-snippet:-1, max-image-preview:large, max-video-preview:-1\" \/>\n<link rel=\"canonical\" href=\"https:\/\/siervasdelamadrededios.org\/?p=2413\" \/>\n<meta property=\"og:locale\" content=\"es_ES\" \/>\n<meta property=\"og:type\" content=\"article\" \/>\n<meta property=\"og:title\" content=\"Seminaristas del Seminario Mayor de Medell\u00edn visitan el Hogar Mater Dei en Las Brisas - Siervas de la Madre de Dios\" \/>\n<meta property=\"og:description\" content=\"En un ambiente de fraternidad y oraci\u00f3n, el Hogar Mater Dei en Las Brisas, casa de retiro y encuentros espirituales de las Siervas de la Madre de Dios, recibi\u00f3 la visita de un grupo de j\u00f3venes del Seminario Mayor de Medell\u00edn. Durante la jornada, los seminaristas compartieron momentos de reflexi\u00f3n, testimonio vocacional y di\u00e1logo con [&hellip;]\" \/>\n<meta property=\"og:url\" content=\"https:\/\/siervasdelamadrededios.org\/?p=2413\" \/>\n<meta property=\"og:site_name\" content=\"Siervas de la Madre de Dios\" \/>\n<meta property=\"article:published_time\" content=\"2025-08-14T00:28:26+00:00\" \/>\n<meta property=\"article:modified_time\" content=\"2025-08-14T00:28:27+00:00\" \/>\n<meta property=\"og:image\" content=\"https:\/\/siervasdelamadrededios.org\/wp-content\/uploads\/2025\/08\/WhatsApp-Image-2025-08-13-at-08.44.08.jpeg\" \/>\n\t<meta property=\"og:image:width\" content=\"1599\" \/>\n\t<meta property=\"og:image:height\" content=\"899\" \/>\n\t<meta property=\"og:image:type\" content=\"image\/jpeg\" \/>\n<meta name=\"author\" content=\"Christian Bracho\" \/>\n<meta name=\"twitter:card\" content=\"summary_large_image\" \/>\n<meta name=\"twitter:label1\" content=\"Escrito por\" \/>\n\t<meta name=\"twitter:data1\" content=\"Christian Bracho\" \/>\n\t<meta name=\"twitter:label2\" content=\"Tiempo de lectura\" \/>\n\t<meta name=\"twitter:data2\" content=\"1 minuto\" \/>\n<script type=\"application\/ld+json\" class=\"yoast-schema-graph\">{\"@context\":\"https:\\\/\\\/schema.org\",\"@graph\":[{\"@type\":\"Article\",\"@id\":\"https:\\\/\\\/siervasdelamadrededios.org\\\/?p=2413#article\",\"isPartOf\":{\"@id\":\"https:\\\/\\\/siervasdelamadrededios.org\\\/?p=2413\"},\"author\":{\"name\":\"Christian Bracho\",\"@id\":\"https:\\\/\\\/siervasdelamadrededios.org\\\/#\\\/schema\\\/person\\\/8c8aa2e2169ef2eac16797311359b433\"},\"headline\":\"Seminaristas del Seminario Mayor de Medell\u00edn visitan el Hogar Mater Dei en Las Brisas\",\"datePublished\":\"2025-08-14T00:28:26+00:00\",\"dateModified\":\"2025-08-14T00:28:27+00:00\",\"mainEntityOfPage\":{\"@id\":\"https:\\\/\\\/siervasdelamadrededios.org\\\/?p=2413\"},\"wordCount\":145,\"commentCount\":0,\"publisher\":{\"@id\":\"https:\\\/\\\/siervasdelamadrededios.org\\\/#organization\"},\"image\":{\"@id\":\"https:\\\/\\\/siervasdelamadrededios.org\\\/?p=2413#primaryimage\"},\"thumbnailUrl\":\"https:\\\/\\\/siervasdelamadrededios.org\\\/wp-content\\\/uploads\\\/2025\\\/08\\\/WhatsApp-Image-2025-08-13-at-08.44.08.jpeg\",\"keywords\":[\"blog\"],\"articleSection\":[\"Blog\"],\"inLanguage\":\"es-CO\",\"potentialAction\":[{\"@type\":\"CommentAction\",\"name\":\"Comment\",\"target\":[\"https:\\\/\\\/siervasdelamadrededios.org\\\/?p=2413#respond\"]}]},{\"@type\":\"WebPage\",\"@id\":\"https:\\\/\\\/siervasdelamadrededios.org\\\/?p=2413\",\"url\":\"https:\\\/\\\/siervasdelamadrededios.org\\\/?p=2413\",\"name\":\"Seminaristas del Seminario Mayor de Medell\u00edn visitan el Hogar Mater Dei en Las Brisas - Siervas de la Madre de Dios\",\"isPartOf\":{\"@id\":\"https:\\\/\\\/siervasdelamadrededios.org\\\/#website\"},\"primaryImageOfPage\":{\"@id\":\"https:\\\/\\\/siervasdelamadrededios.org\\\/?p=2413#primaryimage\"},\"image\":{\"@id\":\"https:\\\/\\\/siervasdelamadrededios.org\\\/?p=2413#primaryimage\"},\"thumbnailUrl\":\"https:\\\/\\\/siervasdelamadrededios.org\\\/wp-content\\\/uploads\\\/2025\\\/08\\\/WhatsApp-Image-2025-08-13-at-08.44.08.jpeg\",\"datePublished\":\"2025-08-14T00:28:26+00:00\",\"dateModified\":\"2025-08-14T00:28:27+00:00\",\"breadcrumb\":{\"@id\":\"https:\\\/\\\/siervasdelamadrededios.org\\\/?p=2413#breadcrumb\"},\"inLanguage\":\"es-CO\",\"potentialAction\":[{\"@type\":\"ReadAction\",\"target\":[\"https:\\\/\\\/siervasdelamadrededios.org\\\/?p=2413\"]}]},{\"@type\":\"ImageObject\",\"inLanguage\":\"es-CO\",\"@id\":\"https:\\\/\\\/siervasdelamadrededios.org\\\/?p=2413#primaryimage\",\"url\":\"https:\\\/\\\/siervasdelamadrededios.org\\\/wp-content\\\/uploads\\\/2025\\\/08\\\/WhatsApp-Image-2025-08-13-at-08.44.08.jpeg\",\"contentUrl\":\"https:\\\/\\\/siervasdelamadrededios.org\\\/wp-content\\\/uploads\\\/2025\\\/08\\\/WhatsApp-Image-2025-08-13-at-08.44.08.jpeg\",\"width\":1599,\"height\":899},{\"@type\":\"BreadcrumbList\",\"@id\":\"https:\\\/\\\/siervasdelamadrededios.org\\\/?p=2413#breadcrumb\",\"itemListElement\":[{\"@type\":\"ListItem\",\"position\":1,\"name\":\"Inicio\",\"item\":\"https:\\\/\\\/siervasdelamadrededios.org\\\/\"},{\"@type\":\"ListItem\",\"position\":2,\"name\":\"Seminaristas del Seminario Mayor de Medell\u00edn visitan el Hogar Mater Dei en Las Brisas\"}]},{\"@type\":\"WebSite\",\"@id\":\"https:\\\/\\\/siervasdelamadrededios.org\\\/#website\",\"url\":\"https:\\\/\\\/siervasdelamadrededios.org\\\/\",\"name\":\"Siervas de la Madre de Dios\",\"description\":\"Congregaci\u00f3n Religiosa\",\"publisher\":{\"@id\":\"https:\\\/\\\/siervasdelamadrededios.org\\\/#organization\"},\"potentialAction\":[{\"@type\":\"SearchAction\",\"target\":{\"@type\":\"EntryPoint\",\"urlTemplate\":\"https:\\\/\\\/siervasdelamadrededios.org\\\/?s={search_term_string}\"},\"query-input\":{\"@type\":\"PropertyValueSpecification\",\"valueRequired\":true,\"valueName\":\"search_term_string\"}}],\"inLanguage\":\"es-CO\"},{\"@type\":\"Organization\",\"@id\":\"https:\\\/\\\/siervasdelamadrededios.org\\\/#organization\",\"name\":\"Siervas de la Madre de Dios\",\"url\":\"https:\\\/\\\/siervasdelamadrededios.org\\\/\",\"logo\":{\"@type\":\"ImageObject\",\"inLanguage\":\"es-CO\",\"@id\":\"https:\\\/\\\/siervasdelamadrededios.org\\\/#\\\/schema\\\/logo\\\/image\\\/\",\"url\":\"https:\\\/\\\/siervasdelamadrededios.org\\\/wp-content\\\/uploads\\\/2022\\\/12\\\/Logo-SMD-Menu2-GRIS.svg\",\"contentUrl\":\"https:\\\/\\\/siervasdelamadrededios.org\\\/wp-content\\\/uploads\\\/2022\\\/12\\\/Logo-SMD-Menu2-GRIS.svg\",\"width\":255,\"height\":200,\"caption\":\"Siervas de la Madre de Dios\"},\"image\":{\"@id\":\"https:\\\/\\\/siervasdelamadrededios.org\\\/#\\\/schema\\\/logo\\\/image\\\/\"}},{\"@type\":\"Person\",\"@id\":\"https:\\\/\\\/siervasdelamadrededios.org\\\/#\\\/schema\\\/person\\\/8c8aa2e2169ef2eac16797311359b433\",\"name\":\"Christian Bracho\",\"image\":{\"@type\":\"ImageObject\",\"inLanguage\":\"es-CO\",\"@id\":\"https:\\\/\\\/siervasdelamadrededios.org\\\/wp-content\\\/uploads\\\/2025\\\/05\\\/CHERISTIAN-FOTO-150x150.jpg\",\"url\":\"https:\\\/\\\/siervasdelamadrededios.org\\\/wp-content\\\/uploads\\\/2025\\\/05\\\/CHERISTIAN-FOTO-150x150.jpg\",\"contentUrl\":\"https:\\\/\\\/siervasdelamadrededios.org\\\/wp-content\\\/uploads\\\/2025\\\/05\\\/CHERISTIAN-FOTO-150x150.jpg\",\"caption\":\"Christian Bracho\"},\"sameAs\":[\"http:\\\/\\\/siervasdelamadrededios.org\"],\"url\":\"https:\\\/\\\/siervasdelamadrededios.org\\\/?author=1\"}]}<\/script>\n<!-- \/ Yoast SEO plugin. -->","yoast_head_json":{"title":"Seminaristas del Seminario Mayor de Medell\u00edn visitan el Hogar Mater Dei en Las Brisas - Siervas de la Madre de Dios","robots":{"index":"index","follow":"follow","max-snippet":"max-snippet:-1","max-image-preview":"max-image-preview:large","max-video-preview":"max-video-preview:-1"},"canonical":"https:\/\/siervasdelamadrededios.org\/?p=2413","og_locale":"es_ES","og_type":"article","og_title":"Seminaristas del Seminario Mayor de Medell\u00edn visitan el Hogar Mater Dei en Las Brisas - Siervas de la Madre de Dios","og_description":"En un ambiente de fraternidad y oraci\u00f3n, el Hogar Mater Dei en Las Brisas, casa de retiro y encuentros espirituales de las Siervas de la Madre de Dios, recibi\u00f3 la visita de un grupo de j\u00f3venes del Seminario Mayor de Medell\u00edn. Durante la jornada, los seminaristas compartieron momentos de reflexi\u00f3n, testimonio vocacional y di\u00e1logo con [&hellip;]","og_url":"https:\/\/siervasdelamadrededios.org\/?p=2413","og_site_name":"Siervas de la Madre de Dios","article_published_time":"2025-08-14T00:28:26+00:00","article_modified_time":"2025-08-14T00:28:27+00:00","og_image":[{"width":1599,"height":899,"url":"https:\/\/siervasdelamadrededios.org\/wp-content\/uploads\/2025\/08\/WhatsApp-Image-2025-08-13-at-08.44.08.jpeg","type":"image\/jpeg"}],"author":"Christian Bracho","twitter_card":"summary_large_image","twitter_misc":{"Escrito por":"Christian Bracho","Tiempo de lectura":"1 minuto"},"schema":{"@context":"https:\/\/schema.org","@graph":[{"@type":"Article","@id":"https:\/\/siervasdelamadrededios.org\/?p=2413#article","isPartOf":{"@id":"https:\/\/siervasdelamadrededios.org\/?p=2413"},"author":{"name":"Christian Bracho","@id":"https:\/\/siervasdelamadrededios.org\/#\/schema\/person\/8c8aa2e2169ef2eac16797311359b433"},"headline":"Seminaristas del Seminario Mayor de Medell\u00edn visitan el Hogar Mater Dei en Las Brisas","datePublished":"2025-08-14T00:28:26+00:00","dateModified":"2025-08-14T00:28:27+00:00","mainEntityOfPage":{"@id":"https:\/\/siervasdelamadrededios.org\/?p=2413"},"wordCount":145,"commentCount":0,"publisher":{"@id":"https:\/\/siervasdelamadrededios.org\/#organization"},"image":{"@id":"https:\/\/siervasdelamadrededios.org\/?p=2413#primaryimage"},"thumbnailUrl":"https:\/\/siervasdelamadrededios.org\/wp-content\/uploads\/2025\/08\/WhatsApp-Image-2025-08-13-at-08.44.08.jpeg","keywords":["blog"],"articleSection":["Blog"],"inLanguage":"es-CO","potentialAction":[{"@type":"CommentAction","name":"Comment","target":["https:\/\/siervasdelamadrededios.org\/?p=2413#respond"]}]},{"@type":"WebPage","@id":"https:\/\/siervasdelamadrededios.org\/?p=2413","url":"https:\/\/siervasdelamadrededios.org\/?p=2413","name":"Seminaristas del Seminario Mayor de Medell\u00edn visitan el Hogar Mater Dei en Las Brisas - Siervas de la Madre de Dios","isPartOf":{"@id":"https:\/\/siervasdelamadrededios.org\/#website"},"primaryImageOfPage":{"@id":"https:\/\/siervasdelamadrededios.org\/?p=2413#primaryimage"},"image":{"@id":"https:\/\/siervasdelamadrededios.org\/?p=2413#primaryimage"},"thumbnailUrl":"https:\/\/siervasdelamadrededios.org\/wp-content\/uploads\/2025\/08\/WhatsApp-Image-2025-08-13-at-08.44.08.jpeg","datePublished":"2025-08-14T00:28:26+00:00","dateModified":"2025-08-14T00:28:27+00:00","breadcrumb":{"@id":"https:\/\/siervasdelamadrededios.org\/?p=2413#breadcrumb"},"inLanguage":"es-CO","potentialAction":[{"@type":"ReadAction","target":["https:\/\/siervasdelamadrededios.org\/?p=2413"]}]},{"@type":"ImageObject","inLanguage":"es-CO","@id":"https:\/\/siervasdelamadrededios.org\/?p=2413#primaryimage","url":"https:\/\/siervasdelamadrededios.org\/wp-content\/uploads\/2025\/08\/WhatsApp-Image-2025-08-13-at-08.44.08.jpeg","contentUrl":"https:\/\/siervasdelamadrededios.org\/wp-content\/uploads\/2025\/08\/WhatsApp-Image-2025-08-13-at-08.44.08.jpeg","width":1599,"height":899},{"@type":"BreadcrumbList","@id":"https:\/\/siervasdelamadrededios.org\/?p=2413#breadcrumb","itemListElement":[{"@type":"ListItem","position":1,"name":"Inicio","item":"https:\/\/siervasdelamadrededios.org\/"},{"@type":"ListItem","position":2,"name":"Seminaristas del Seminario Mayor de Medell\u00edn visitan el Hogar Mater Dei en Las Brisas"}]},{"@type":"WebSite","@id":"https:\/\/siervasdelamadrededios.org\/#website","url":"https:\/\/siervasdelamadrededios.org\/","name":"Siervas de la Madre de Dios","description":"Congregaci\u00f3n Religiosa","publisher":{"@id":"https:\/\/siervasdelamadrededios.org\/#organization"},"potentialAction":[{"@type":"SearchAction","target":{"@type":"EntryPoint","urlTemplate":"https:\/\/siervasdelamadrededios.org\/?s={search_term_string}"},"query-input":{"@type":"PropertyValueSpecification","valueRequired":true,"valueName":"search_term_string"}}],"inLanguage":"es-CO"},{"@type":"Organization","@id":"https:\/\/siervasdelamadrededios.org\/#organization","name":"Siervas de la Madre de Dios","url":"https:\/\/siervasdelamadrededios.org\/","logo":{"@type":"ImageObject","inLanguage":"es-CO","@id":"https:\/\/siervasdelamadrededios.org\/#\/schema\/logo\/image\/","url":"https:\/\/siervasdelamadrededios.org\/wp-content\/uploads\/2022\/12\/Logo-SMD-Menu2-GRIS.svg","contentUrl":"https:\/\/siervasdelamadrededios.org\/wp-content\/uploads\/2022\/12\/Logo-SMD-Menu2-GRIS.svg","width":255,"height":200,"caption":"Siervas de la Madre de Dios"},"image":{"@id":"https:\/\/siervasdelamadrededios.org\/#\/schema\/logo\/image\/"}},{"@type":"Person","@id":"https:\/\/siervasdelamadrededios.org\/#\/schema\/person\/8c8aa2e2169ef2eac16797311359b433","name":"Christian Bracho","image":{"@type":"ImageObject","inLanguage":"es-CO","@id":"https:\/\/siervasdelamadrededios.org\/wp-content\/uploads\/2025\/05\/CHERISTIAN-FOTO-150x150.jpg","url":"https:\/\/siervasdelamadrededios.org\/wp-content\/uploads\/2025\/05\/CHERISTIAN-FOTO-150x150.jpg","contentUrl":"https:\/\/siervasdelamadrededios.org\/wp-content\/uploads\/2025\/05\/CHERISTIAN-FOTO-150x150.jpg","caption":"Christian Bracho"},"sameAs":["http:\/\/siervasdelamadrededios.org"],"url":"https:\/\/siervasdelamadrededios.org\/?author=1"}]}},"_links":{"self":[{"href":"https:\/\/siervasdelamadrededios.org\/index.php?rest_route=\/wp\/v2\/posts\/2413","targetHints":{"allow":["GET"]}}],"collection":[{"href":"https:\/\/siervasdelamadrededios.org\/index.php?rest_route=\/wp\/v2\/posts"}],"about":[{"href":"https:\/\/siervasdelamadrededios.org\/index.php?rest_route=\/wp\/v2\/types\/post"}],"author":[{"embeddable":true,"href":"https:\/\/siervasdelamadrededios.org\/index.php?rest_route=\/wp\/v2\/users\/1"}],"replies":[{"embeddable":true,"href":"https:\/\/siervasdelamadrededios.org\/index.php?rest_route=%2Fwp%2Fv2%2Fcomments&post=2413"}],"version-history":[{"count":1,"href":"https:\/\/siervasdelamadrededios.org\/index.php?rest_route=\/wp\/v2\/posts\/2413\/revisions"}],"predecessor-version":[{"id":2417,"href":"https:\/\/siervasdelamadrededios.org\/index.php?rest_route=\/wp\/v2\/posts\/2413\/revisions\/2417"}],"wp:featuredmedia":[{"embeddable":true,"href":"https:\/\/siervasdelamadrededios.org\/index.php?rest_route=\/wp\/v2\/media\/2415"}],"wp:attachment":[{"href":"https:\/\/siervasdelamadrededios.org\/index.php?rest_route=%2Fwp%2Fv2%2Fmedia&parent=2413"}],"wp:term":[{"taxonomy":"category","embeddable":true,"href":"https:\/\/siervasdelamadrededios.org\/index.php?rest_route=%2Fwp%2Fv2%2Fcategories&post=2413"},{"taxonomy":"post_tag","embeddable":true,"href":"https:\/\/siervasdelamadrededios.org\/index.php?rest_route=%2Fwp%2Fv2%2Ftags&post=2413"}],"curies":[{"name":"wp","href":"https:\/\/api.w.org\/{rel}","templated":true}]}}