{"id":2649,"date":"2025-10-09T10:02:00","date_gmt":"2025-10-09T10:02:00","guid":{"rendered":"https:\/\/siervasdelamadrededios.org\/?p=2649"},"modified":"2025-10-22T05:03:27","modified_gmt":"2025-10-22T05:03:27","slug":"tres-adolescentes-del-hogar-madre-elisa-recibieron-el-sacramento-de-la-confirmacion","status":"publish","type":"post","link":"https:\/\/siervasdelamadrededios.org\/?p=2649","title":{"rendered":"Tres adolescentes del Hogar Madre Elisa recibieron el sacramento de la Confirmaci\u00f3n"},"content":{"rendered":"\n<p><strong>Popay\u00e1n, 9 de octubre de 2025.<\/strong> Con alegr\u00eda y gratitud, la comunidad del <strong>Hogar Madre Elisa<\/strong> celebr\u00f3 un momento especial en la vida de tres de sus adolescentes, quienes recibieron el <strong>sacramento de la Confirmaci\u00f3n<\/strong> en la <strong>Parroquia San Francisco<\/strong>.<\/p>\n\n\n\n<p>La ceremonia, presidida en un ambiente de fe y comuni\u00f3n, fue una ocasi\u00f3n para renovar el compromiso de seguir creciendo en el amor de Dios y en la vivencia de los valores cristianos. Las j\u00f3venes, acompa\u00f1adas por las hermanas, el equipo formativo y sus compa\u00f1eros, expresaron su emoci\u00f3n al recibir el don del Esp\u00edritu Santo, que fortalece su fe y las anima a ser testigos del Evangelio.<\/p>\n\n\n\n<p>Este acontecimiento reafirma la misi\u00f3n del <strong>Hogar Madre Elisa<\/strong> como espacio de formaci\u00f3n integral, donde se cultiva la vida espiritual, el amor fraterno y el deseo de servir. La comunidad agradece a Dios por la vida de cada confirmada y por la gracia de ver florecer la fe en los corazones j\u00f3venes.<\/p>\n","protected":false},"excerpt":{"rendered":"<p>Popay\u00e1n, 9 de octubre de 2025. Con alegr\u00eda y gratitud, la comunidad del Hogar Madre Elisa celebr\u00f3 un momento especial en la vida de tres de sus adolescentes, quienes recibieron el sacramento de la Confirmaci\u00f3n en la Parroquia San Francisco. La ceremonia, presidida en un ambiente de fe y comuni\u00f3n, fue una ocasi\u00f3n para renovar [&hellip;]<\/p>\n","protected":false},"author":1,"featured_media":2650,"comment_status":"open","ping_status":"open","sticky":false,"template":"","format":"standard","meta":{"om_disable_all_campaigns":false,"_monsterinsights_skip_tracking":false,"_monsterinsights_sitenote_active":false,"_monsterinsights_sitenote_note":"","_monsterinsights_sitenote_category":0,"site-sidebar-layout":"default","site-content-layout":"","ast-site-content-layout":"default","site-content-style":"default","site-sidebar-style":"default","ast-global-header-display":"","ast-banner-title-visibility":"","ast-main-header-display":"","ast-hfb-above-header-display":"","ast-hfb-below-header-display":"","ast-hfb-mobile-header-display":"","site-post-title":"","ast-breadcrumbs-content":"","ast-featured-img":"","footer-sml-layout":"","ast-disable-related-posts":"","theme-transparent-header-meta":"","adv-header-id-meta":"","stick-header-meta":"","header-above-stick-meta":"","header-main-stick-meta":"","header-below-stick-meta":"","astra-migrate-meta-layouts":"set","ast-page-background-enabled":"default","ast-page-background-meta":{"desktop":{"background-color":"","background-image":"","background-repeat":"repeat","background-position":"center center","background-size":"auto","background-attachment":"scroll","background-type":"","background-media":"","overlay-type":"","overlay-color":"","overlay-opacity":"","overlay-gradient":""},"tablet":{"background-color":"","background-image":"","background-repeat":"repeat","background-position":"center center","background-size":"auto","background-attachment":"scroll","background-type":"","background-media":"","overlay-type":"","overlay-color":"","overlay-opacity":"","overlay-gradient":""},"mobile":{"background-color":"","background-image":"","background-repeat":"repeat","background-position":"center center","background-size":"auto","background-attachment":"scroll","background-type":"","background-media":"","overlay-type":"","overlay-color":"","overlay-opacity":"","overlay-gradient":""}},"ast-content-background-meta":{"desktop":{"background-color":"var(--ast-global-color-5)","background-image":"","background-repeat":"repeat","background-position":"center center","background-size":"auto","background-attachment":"scroll","background-type":"","background-media":"","overlay-type":"","overlay-color":"","overlay-opacity":"","overlay-gradient":""},"tablet":{"background-color":"var(--ast-global-color-5)","background-image":"","background-repeat":"repeat","background-position":"center center","background-size":"auto","background-attachment":"scroll","background-type":"","background-media":"","overlay-type":"","overlay-color":"","overlay-opacity":"","overlay-gradient":""},"mobile":{"background-color":"var(--ast-global-color-5)","background-image":"","background-repeat":"repeat","background-position":"center center","background-size":"auto","background-attachment":"scroll","background-type":"","background-media":"","overlay-type":"","overlay-color":"","overlay-opacity":"","overlay-gradient":""}},"footnotes":""},"categories":[1],"tags":[25],"class_list":["post-2649","post","type-post","status-publish","format-standard","has-post-thumbnail","hentry","category-blog","tag-blog"],"yoast_head":"<!-- This site is optimized with the Yoast SEO plugin v27.4 - https:\/\/yoast.com\/product\/yoast-seo-wordpress\/ -->\n<title>Tres adolescentes del Hogar Madre Elisa recibieron el sacramento de la Confirmaci\u00f3n - Siervas de la Madre de Dios<\/title>\n<meta name=\"robots\" content=\"index, follow, max-snippet:-1, max-image-preview:large, max-video-preview:-1\" \/>\n<link rel=\"canonical\" href=\"https:\/\/siervasdelamadrededios.org\/?p=2649\" \/>\n<meta property=\"og:locale\" content=\"es_ES\" \/>\n<meta property=\"og:type\" content=\"article\" \/>\n<meta property=\"og:title\" content=\"Tres adolescentes del Hogar Madre Elisa recibieron el sacramento de la Confirmaci\u00f3n - Siervas de la Madre de Dios\" \/>\n<meta property=\"og:description\" content=\"Popay\u00e1n, 9 de octubre de 2025. Con alegr\u00eda y gratitud, la comunidad del Hogar Madre Elisa celebr\u00f3 un momento especial en la vida de tres de sus adolescentes, quienes recibieron el sacramento de la Confirmaci\u00f3n en la Parroquia San Francisco. La ceremonia, presidida en un ambiente de fe y comuni\u00f3n, fue una ocasi\u00f3n para renovar [&hellip;]\" \/>\n<meta property=\"og:url\" content=\"https:\/\/siervasdelamadrededios.org\/?p=2649\" \/>\n<meta property=\"og:site_name\" content=\"Siervas de la Madre de Dios\" \/>\n<meta property=\"article:published_time\" content=\"2025-10-09T10:02:00+00:00\" \/>\n<meta property=\"article:modified_time\" content=\"2025-10-22T05:03:27+00:00\" \/>\n<meta property=\"og:image\" content=\"https:\/\/siervasdelamadrededios.org\/wp-content\/uploads\/2025\/10\/WhatsApp-Image-2025-10-09-at-09.46.27.jpeg\" \/>\n\t<meta property=\"og:image:width\" content=\"1280\" \/>\n\t<meta property=\"og:image:height\" content=\"960\" \/>\n\t<meta property=\"og:image:type\" content=\"image\/jpeg\" \/>\n<meta name=\"author\" content=\"Christian Bracho\" \/>\n<meta name=\"twitter:card\" content=\"summary_large_image\" \/>\n<meta name=\"twitter:label1\" content=\"Escrito por\" \/>\n\t<meta name=\"twitter:data1\" content=\"Christian Bracho\" \/>\n\t<meta name=\"twitter:label2\" content=\"Tiempo de lectura\" \/>\n\t<meta name=\"twitter:data2\" content=\"1 minuto\" \/>\n<script type=\"application\/ld+json\" class=\"yoast-schema-graph\">{\"@context\":\"https:\\\/\\\/schema.org\",\"@graph\":[{\"@type\":\"Article\",\"@id\":\"https:\\\/\\\/siervasdelamadrededios.org\\\/?p=2649#article\",\"isPartOf\":{\"@id\":\"https:\\\/\\\/siervasdelamadrededios.org\\\/?p=2649\"},\"author\":{\"name\":\"Christian Bracho\",\"@id\":\"https:\\\/\\\/siervasdelamadrededios.org\\\/#\\\/schema\\\/person\\\/8c8aa2e2169ef2eac16797311359b433\"},\"headline\":\"Tres adolescentes del Hogar Madre Elisa recibieron el sacramento de la Confirmaci\u00f3n\",\"datePublished\":\"2025-10-09T10:02:00+00:00\",\"dateModified\":\"2025-10-22T05:03:27+00:00\",\"mainEntityOfPage\":{\"@id\":\"https:\\\/\\\/siervasdelamadrededios.org\\\/?p=2649\"},\"wordCount\":183,\"commentCount\":0,\"publisher\":{\"@id\":\"https:\\\/\\\/siervasdelamadrededios.org\\\/#organization\"},\"image\":{\"@id\":\"https:\\\/\\\/siervasdelamadrededios.org\\\/?p=2649#primaryimage\"},\"thumbnailUrl\":\"https:\\\/\\\/siervasdelamadrededios.org\\\/wp-content\\\/uploads\\\/2025\\\/10\\\/WhatsApp-Image-2025-10-09-at-09.46.27.jpeg\",\"keywords\":[\"blog\"],\"articleSection\":[\"Blog\"],\"inLanguage\":\"es-CO\",\"potentialAction\":[{\"@type\":\"CommentAction\",\"name\":\"Comment\",\"target\":[\"https:\\\/\\\/siervasdelamadrededios.org\\\/?p=2649#respond\"]}]},{\"@type\":\"WebPage\",\"@id\":\"https:\\\/\\\/siervasdelamadrededios.org\\\/?p=2649\",\"url\":\"https:\\\/\\\/siervasdelamadrededios.org\\\/?p=2649\",\"name\":\"Tres adolescentes del Hogar Madre Elisa recibieron el sacramento de la Confirmaci\u00f3n - Siervas de la Madre de Dios\",\"isPartOf\":{\"@id\":\"https:\\\/\\\/siervasdelamadrededios.org\\\/#website\"},\"primaryImageOfPage\":{\"@id\":\"https:\\\/\\\/siervasdelamadrededios.org\\\/?p=2649#primaryimage\"},\"image\":{\"@id\":\"https:\\\/\\\/siervasdelamadrededios.org\\\/?p=2649#primaryimage\"},\"thumbnailUrl\":\"https:\\\/\\\/siervasdelamadrededios.org\\\/wp-content\\\/uploads\\\/2025\\\/10\\\/WhatsApp-Image-2025-10-09-at-09.46.27.jpeg\",\"datePublished\":\"2025-10-09T10:02:00+00:00\",\"dateModified\":\"2025-10-22T05:03:27+00:00\",\"breadcrumb\":{\"@id\":\"https:\\\/\\\/siervasdelamadrededios.org\\\/?p=2649#breadcrumb\"},\"inLanguage\":\"es-CO\",\"potentialAction\":[{\"@type\":\"ReadAction\",\"target\":[\"https:\\\/\\\/siervasdelamadrededios.org\\\/?p=2649\"]}]},{\"@type\":\"ImageObject\",\"inLanguage\":\"es-CO\",\"@id\":\"https:\\\/\\\/siervasdelamadrededios.org\\\/?p=2649#primaryimage\",\"url\":\"https:\\\/\\\/siervasdelamadrededios.org\\\/wp-content\\\/uploads\\\/2025\\\/10\\\/WhatsApp-Image-2025-10-09-at-09.46.27.jpeg\",\"contentUrl\":\"https:\\\/\\\/siervasdelamadrededios.org\\\/wp-content\\\/uploads\\\/2025\\\/10\\\/WhatsApp-Image-2025-10-09-at-09.46.27.jpeg\",\"width\":1280,\"height\":960},{\"@type\":\"BreadcrumbList\",\"@id\":\"https:\\\/\\\/siervasdelamadrededios.org\\\/?p=2649#breadcrumb\",\"itemListElement\":[{\"@type\":\"ListItem\",\"position\":1,\"name\":\"Inicio\",\"item\":\"https:\\\/\\\/siervasdelamadrededios.org\\\/\"},{\"@type\":\"ListItem\",\"position\":2,\"name\":\"Tres adolescentes del Hogar Madre Elisa recibieron el sacramento de la Confirmaci\u00f3n\"}]},{\"@type\":\"WebSite\",\"@id\":\"https:\\\/\\\/siervasdelamadrededios.org\\\/#website\",\"url\":\"https:\\\/\\\/siervasdelamadrededios.org\\\/\",\"name\":\"Siervas de la Madre de Dios\",\"description\":\"Congregaci\u00f3n Religiosa\",\"publisher\":{\"@id\":\"https:\\\/\\\/siervasdelamadrededios.org\\\/#organization\"},\"potentialAction\":[{\"@type\":\"SearchAction\",\"target\":{\"@type\":\"EntryPoint\",\"urlTemplate\":\"https:\\\/\\\/siervasdelamadrededios.org\\\/?s={search_term_string}\"},\"query-input\":{\"@type\":\"PropertyValueSpecification\",\"valueRequired\":true,\"valueName\":\"search_term_string\"}}],\"inLanguage\":\"es-CO\"},{\"@type\":\"Organization\",\"@id\":\"https:\\\/\\\/siervasdelamadrededios.org\\\/#organization\",\"name\":\"Siervas de la Madre de Dios\",\"url\":\"https:\\\/\\\/siervasdelamadrededios.org\\\/\",\"logo\":{\"@type\":\"ImageObject\",\"inLanguage\":\"es-CO\",\"@id\":\"https:\\\/\\\/siervasdelamadrededios.org\\\/#\\\/schema\\\/logo\\\/image\\\/\",\"url\":\"https:\\\/\\\/siervasdelamadrededios.org\\\/wp-content\\\/uploads\\\/2022\\\/12\\\/Logo-SMD-Menu2-GRIS.svg\",\"contentUrl\":\"https:\\\/\\\/siervasdelamadrededios.org\\\/wp-content\\\/uploads\\\/2022\\\/12\\\/Logo-SMD-Menu2-GRIS.svg\",\"width\":255,\"height\":200,\"caption\":\"Siervas de la Madre de Dios\"},\"image\":{\"@id\":\"https:\\\/\\\/siervasdelamadrededios.org\\\/#\\\/schema\\\/logo\\\/image\\\/\"}},{\"@type\":\"Person\",\"@id\":\"https:\\\/\\\/siervasdelamadrededios.org\\\/#\\\/schema\\\/person\\\/8c8aa2e2169ef2eac16797311359b433\",\"name\":\"Christian Bracho\",\"image\":{\"@type\":\"ImageObject\",\"inLanguage\":\"es-CO\",\"@id\":\"https:\\\/\\\/siervasdelamadrededios.org\\\/wp-content\\\/uploads\\\/2025\\\/05\\\/CHERISTIAN-FOTO-150x150.jpg\",\"url\":\"https:\\\/\\\/siervasdelamadrededios.org\\\/wp-content\\\/uploads\\\/2025\\\/05\\\/CHERISTIAN-FOTO-150x150.jpg\",\"contentUrl\":\"https:\\\/\\\/siervasdelamadrededios.org\\\/wp-content\\\/uploads\\\/2025\\\/05\\\/CHERISTIAN-FOTO-150x150.jpg\",\"caption\":\"Christian Bracho\"},\"sameAs\":[\"http:\\\/\\\/siervasdelamadrededios.org\"],\"url\":\"https:\\\/\\\/siervasdelamadrededios.org\\\/?author=1\"}]}<\/script>\n<!-- \/ Yoast SEO plugin. -->","yoast_head_json":{"title":"Tres adolescentes del Hogar Madre Elisa recibieron el sacramento de la Confirmaci\u00f3n - Siervas de la Madre de Dios","robots":{"index":"index","follow":"follow","max-snippet":"max-snippet:-1","max-image-preview":"max-image-preview:large","max-video-preview":"max-video-preview:-1"},"canonical":"https:\/\/siervasdelamadrededios.org\/?p=2649","og_locale":"es_ES","og_type":"article","og_title":"Tres adolescentes del Hogar Madre Elisa recibieron el sacramento de la Confirmaci\u00f3n - Siervas de la Madre de Dios","og_description":"Popay\u00e1n, 9 de octubre de 2025. Con alegr\u00eda y gratitud, la comunidad del Hogar Madre Elisa celebr\u00f3 un momento especial en la vida de tres de sus adolescentes, quienes recibieron el sacramento de la Confirmaci\u00f3n en la Parroquia San Francisco. La ceremonia, presidida en un ambiente de fe y comuni\u00f3n, fue una ocasi\u00f3n para renovar [&hellip;]","og_url":"https:\/\/siervasdelamadrededios.org\/?p=2649","og_site_name":"Siervas de la Madre de Dios","article_published_time":"2025-10-09T10:02:00+00:00","article_modified_time":"2025-10-22T05:03:27+00:00","og_image":[{"width":1280,"height":960,"url":"https:\/\/siervasdelamadrededios.org\/wp-content\/uploads\/2025\/10\/WhatsApp-Image-2025-10-09-at-09.46.27.jpeg","type":"image\/jpeg"}],"author":"Christian Bracho","twitter_card":"summary_large_image","twitter_misc":{"Escrito por":"Christian Bracho","Tiempo de lectura":"1 minuto"},"schema":{"@context":"https:\/\/schema.org","@graph":[{"@type":"Article","@id":"https:\/\/siervasdelamadrededios.org\/?p=2649#article","isPartOf":{"@id":"https:\/\/siervasdelamadrededios.org\/?p=2649"},"author":{"name":"Christian Bracho","@id":"https:\/\/siervasdelamadrededios.org\/#\/schema\/person\/8c8aa2e2169ef2eac16797311359b433"},"headline":"Tres adolescentes del Hogar Madre Elisa recibieron el sacramento de la Confirmaci\u00f3n","datePublished":"2025-10-09T10:02:00+00:00","dateModified":"2025-10-22T05:03:27+00:00","mainEntityOfPage":{"@id":"https:\/\/siervasdelamadrededios.org\/?p=2649"},"wordCount":183,"commentCount":0,"publisher":{"@id":"https:\/\/siervasdelamadrededios.org\/#organization"},"image":{"@id":"https:\/\/siervasdelamadrededios.org\/?p=2649#primaryimage"},"thumbnailUrl":"https:\/\/siervasdelamadrededios.org\/wp-content\/uploads\/2025\/10\/WhatsApp-Image-2025-10-09-at-09.46.27.jpeg","keywords":["blog"],"articleSection":["Blog"],"inLanguage":"es-CO","potentialAction":[{"@type":"CommentAction","name":"Comment","target":["https:\/\/siervasdelamadrededios.org\/?p=2649#respond"]}]},{"@type":"WebPage","@id":"https:\/\/siervasdelamadrededios.org\/?p=2649","url":"https:\/\/siervasdelamadrededios.org\/?p=2649","name":"Tres adolescentes del Hogar Madre Elisa recibieron el sacramento de la Confirmaci\u00f3n - Siervas de la Madre de Dios","isPartOf":{"@id":"https:\/\/siervasdelamadrededios.org\/#website"},"primaryImageOfPage":{"@id":"https:\/\/siervasdelamadrededios.org\/?p=2649#primaryimage"},"image":{"@id":"https:\/\/siervasdelamadrededios.org\/?p=2649#primaryimage"},"thumbnailUrl":"https:\/\/siervasdelamadrededios.org\/wp-content\/uploads\/2025\/10\/WhatsApp-Image-2025-10-09-at-09.46.27.jpeg","datePublished":"2025-10-09T10:02:00+00:00","dateModified":"2025-10-22T05:03:27+00:00","breadcrumb":{"@id":"https:\/\/siervasdelamadrededios.org\/?p=2649#breadcrumb"},"inLanguage":"es-CO","potentialAction":[{"@type":"ReadAction","target":["https:\/\/siervasdelamadrededios.org\/?p=2649"]}]},{"@type":"ImageObject","inLanguage":"es-CO","@id":"https:\/\/siervasdelamadrededios.org\/?p=2649#primaryimage","url":"https:\/\/siervasdelamadrededios.org\/wp-content\/uploads\/2025\/10\/WhatsApp-Image-2025-10-09-at-09.46.27.jpeg","contentUrl":"https:\/\/siervasdelamadrededios.org\/wp-content\/uploads\/2025\/10\/WhatsApp-Image-2025-10-09-at-09.46.27.jpeg","width":1280,"height":960},{"@type":"BreadcrumbList","@id":"https:\/\/siervasdelamadrededios.org\/?p=2649#breadcrumb","itemListElement":[{"@type":"ListItem","position":1,"name":"Inicio","item":"https:\/\/siervasdelamadrededios.org\/"},{"@type":"ListItem","position":2,"name":"Tres adolescentes del Hogar Madre Elisa recibieron el sacramento de la Confirmaci\u00f3n"}]},{"@type":"WebSite","@id":"https:\/\/siervasdelamadrededios.org\/#website","url":"https:\/\/siervasdelamadrededios.org\/","name":"Siervas de la Madre de Dios","description":"Congregaci\u00f3n Religiosa","publisher":{"@id":"https:\/\/siervasdelamadrededios.org\/#organization"},"potentialAction":[{"@type":"SearchAction","target":{"@type":"EntryPoint","urlTemplate":"https:\/\/siervasdelamadrededios.org\/?s={search_term_string}"},"query-input":{"@type":"PropertyValueSpecification","valueRequired":true,"valueName":"search_term_string"}}],"inLanguage":"es-CO"},{"@type":"Organization","@id":"https:\/\/siervasdelamadrededios.org\/#organization","name":"Siervas de la Madre de Dios","url":"https:\/\/siervasdelamadrededios.org\/","logo":{"@type":"ImageObject","inLanguage":"es-CO","@id":"https:\/\/siervasdelamadrededios.org\/#\/schema\/logo\/image\/","url":"https:\/\/siervasdelamadrededios.org\/wp-content\/uploads\/2022\/12\/Logo-SMD-Menu2-GRIS.svg","contentUrl":"https:\/\/siervasdelamadrededios.org\/wp-content\/uploads\/2022\/12\/Logo-SMD-Menu2-GRIS.svg","width":255,"height":200,"caption":"Siervas de la Madre de Dios"},"image":{"@id":"https:\/\/siervasdelamadrededios.org\/#\/schema\/logo\/image\/"}},{"@type":"Person","@id":"https:\/\/siervasdelamadrededios.org\/#\/schema\/person\/8c8aa2e2169ef2eac16797311359b433","name":"Christian Bracho","image":{"@type":"ImageObject","inLanguage":"es-CO","@id":"https:\/\/siervasdelamadrededios.org\/wp-content\/uploads\/2025\/05\/CHERISTIAN-FOTO-150x150.jpg","url":"https:\/\/siervasdelamadrededios.org\/wp-content\/uploads\/2025\/05\/CHERISTIAN-FOTO-150x150.jpg","contentUrl":"https:\/\/siervasdelamadrededios.org\/wp-content\/uploads\/2025\/05\/CHERISTIAN-FOTO-150x150.jpg","caption":"Christian Bracho"},"sameAs":["http:\/\/siervasdelamadrededios.org"],"url":"https:\/\/siervasdelamadrededios.org\/?author=1"}]}},"_links":{"self":[{"href":"https:\/\/siervasdelamadrededios.org\/index.php?rest_route=\/wp\/v2\/posts\/2649","targetHints":{"allow":["GET"]}}],"collection":[{"href":"https:\/\/siervasdelamadrededios.org\/index.php?rest_route=\/wp\/v2\/posts"}],"about":[{"href":"https:\/\/siervasdelamadrededios.org\/index.php?rest_route=\/wp\/v2\/types\/post"}],"author":[{"embeddable":true,"href":"https:\/\/siervasdelamadrededios.org\/index.php?rest_route=\/wp\/v2\/users\/1"}],"replies":[{"embeddable":true,"href":"https:\/\/siervasdelamadrededios.org\/index.php?rest_route=%2Fwp%2Fv2%2Fcomments&post=2649"}],"version-history":[{"count":1,"href":"https:\/\/siervasdelamadrededios.org\/index.php?rest_route=\/wp\/v2\/posts\/2649\/revisions"}],"predecessor-version":[{"id":2651,"href":"https:\/\/siervasdelamadrededios.org\/index.php?rest_route=\/wp\/v2\/posts\/2649\/revisions\/2651"}],"wp:featuredmedia":[{"embeddable":true,"href":"https:\/\/siervasdelamadrededios.org\/index.php?rest_route=\/wp\/v2\/media\/2650"}],"wp:attachment":[{"href":"https:\/\/siervasdelamadrededios.org\/index.php?rest_route=%2Fwp%2Fv2%2Fmedia&parent=2649"}],"wp:term":[{"taxonomy":"category","embeddable":true,"href":"https:\/\/siervasdelamadrededios.org\/index.php?rest_route=%2Fwp%2Fv2%2Fcategories&post=2649"},{"taxonomy":"post_tag","embeddable":true,"href":"https:\/\/siervasdelamadrededios.org\/index.php?rest_route=%2Fwp%2Fv2%2Ftags&post=2649"}],"curies":[{"name":"wp","href":"https:\/\/api.w.org\/{rel}","templated":true}]}}